{"id":6632,"date":"2020-11-11T15:46:08","date_gmt":"2020-11-11T15:46:08","guid":{"rendered":"http:\/\/dunavarsany.hu\/?p=6632"},"modified":"2020-11-11T15:46:08","modified_gmt":"2020-11-11T15:46:08","slug":"holnaptol-csak-idopontfoglalassal-mukodnek-a-nav-ablakok","status":"publish","type":"post","link":"https:\/\/dunavarsany.hu\/index.php\/2020\/11\/11\/holnaptol-csak-idopontfoglalassal-mukodnek-a-nav-ablakok\/","title":{"rendered":"Holnapt\u00f3l csak id\u0151pontfoglal\u00e1ssal m\u0171k\u00f6dnek a NAV-ablakok"},"content":{"rendered":"<p><strong>Id\u0151pontot kell foglalni az \u00fcgyint\u00e9z\u00e9shez 2020. november 12-t\u0151l <\/strong><\/p>\n<p>A Korm\u00e1nyablakokban m\u0171k\u00f6d\u0151 NAV-ablakokban 2020. november 12-t\u0151l a szem\u00e9lyes \u00fcgyint\u00e9z\u00e9shez el\u0151zetes id\u0151pontfoglal\u00e1sra van sz\u00fcks\u00e9g. Ez \u00f6sszhangban van a Korm\u00e1nyablakok \u00fcgyf\u00e9lfogad\u00e1si rendj\u00e9vel, ami a Magyarorsz\u00e1g Korm\u00e1nya \u00e1ltal kihirdetett vesz\u00e9lyhelyzethez kapcsol\u00f3d\u00f3 korm\u00e1nyzati int\u00e9zked\u00e9sek betart\u00e1s\u00e1t szolg\u00e1lja.<\/p>\n<p>A Korm\u00e1nyablakokban NAV \u00fcgyint\u00e9z\u00e9sekhez id\u0151pontot a https:\/\/www.nav.gov.hu\/nav\/szolgaltatasok\/ugyfelszolgalati_idopont_foglalasa men\u00fcpont alatt foglalhat.<\/p>\n<p>A vesz\u00e9lyhelyzet ideje alatt a gyors \u00e9s rugalmas \u00fcgyint\u00e9z\u00e9shez c\u00e9lszer\u0171 a NAV elektronikus szolg\u00e1ltat\u00e1sait haszn\u00e1lni. Az e-\u00fcgyint\u00e9z\u00e9sr\u0151l a NAV honlapj\u00e1n a 32. sz\u00e1m\u00fa, a telefonos \u00fcgyint\u00e9z\u00e9sr\u0151l pedig a 33. sz\u00e1m\u00fa inform\u00e1ci\u00f3s f\u00fczetben olvashat\u00f3 tov\u00e1bbi inform\u00e1ci\u00f3.<\/p>\n<p>Nemzeti Ad\u00f3- \u00e9s V\u00e1mhivatal<\/p>\n","protected":false},"excerpt":{"rendered":"<div class=\"mh-excerpt\"><p>Id\u0151pontot kell foglalni az \u00fcgyint\u00e9z\u00e9shez 2020. november 12-t\u0151l A Korm\u00e1nyablakokban m\u0171k\u00f6d\u0151 NAV-ablakokban 2020. november 12-t\u0151l a szem\u00e9lyes \u00fcgyint\u00e9z\u00e9shez el\u0151zetes id\u0151pontfoglal\u00e1sra van sz\u00fcks\u00e9g. Ez \u00f6sszhangban van a Korm\u00e1nyablakok \u00fcgyf\u00e9lfogad\u00e1si rendj\u00e9vel, ami a Magyarorsz\u00e1g Korm\u00e1nya \u00e1ltal kihirdetett <a class=\"mh-excerpt-more\" href=\"https:\/\/dunavarsany.hu\/index.php\/2020\/11\/11\/holnaptol-csak-idopontfoglalassal-mukodnek-a-nav-ablakok\/\" title=\"Holnapt\u00f3l csak id\u0151pontfoglal\u00e1ssal m\u0171k\u00f6dnek a NAV-ablakok\">[&#8230;]<\/a><\/p>\n<\/div>","protected":false},"author":3,"featured_media":6633,"comment_status":"closed","ping_status":"closed","sticky":false,"template":"","format":"standard","meta":{"footnotes":""},"categories":[8],"tags":[],"class_list":{"0":"post-6632","1":"post","2":"type-post","3":"status-publish","4":"format-standard","5":"has-post-thumbnail","7":"category-hirek"},"_links":{"self":[{"href":"https:\/\/dunavarsany.hu\/index.php\/wp-json\/wp\/v2\/posts\/6632","targetHints":{"allow":["GET"]}}],"collection":[{"href":"https:\/\/dunavarsany.hu\/index.php\/wp-json\/wp\/v2\/posts"}],"about":[{"href":"https:\/\/dunavarsany.hu\/index.php\/wp-json\/wp\/v2\/types\/post"}],"author":[{"embeddable":true,"href":"https:\/\/dunavarsany.hu\/index.php\/wp-json\/wp\/v2\/users\/3"}],"replies":[{"embeddable":true,"href":"https:\/\/dunavarsany.hu\/index.php\/wp-json\/wp\/v2\/comments?post=6632"}],"version-history":[{"count":1,"href":"https:\/\/dunavarsany.hu\/index.php\/wp-json\/wp\/v2\/posts\/6632\/revisions"}],"predecessor-version":[{"id":6634,"href":"https:\/\/dunavarsany.hu\/index.php\/wp-json\/wp\/v2\/posts\/6632\/revisions\/6634"}],"wp:featuredmedia":[{"embeddable":true,"href":"https:\/\/dunavarsany.hu\/index.php\/wp-json\/wp\/v2\/media\/6633"}],"wp:attachment":[{"href":"https:\/\/dunavarsany.hu\/index.php\/wp-json\/wp\/v2\/media?parent=6632"}],"wp:term":[{"taxonomy":"category","embeddable":true,"href":"https:\/\/dunavarsany.hu\/index.php\/wp-json\/wp\/v2\/categories?post=6632"},{"taxonomy":"post_tag","embeddable":true,"href":"https:\/\/dunavarsany.hu\/index.php\/wp-json\/wp\/v2\/tags?post=6632"}],"curies":[{"name":"wp","href":"https:\/\/api.w.org\/{rel}","templated":true}]}}