{"id":16079,"date":"2026-09-04T11:34:46","date_gmt":"2026-09-04T11:34:46","guid":{"rendered":"https:\/\/dunavarsany.hu\/?p=16079"},"modified":"2026-09-05T20:03:42","modified_gmt":"2026-09-05T20:03:42","slug":"m-e-g-h-i-v-o-rendkivuli-kepviselo-testuleti-ulesre-2","status":"publish","type":"post","link":"https:\/\/dunavarsany.hu\/index.php\/2026\/09\/04\/m-e-g-h-i-v-o-rendkivuli-kepviselo-testuleti-ulesre-2\/","title":{"rendered":"M E G H \u00cd V \u00d3 rendes k\u00e9pvisel\u0151-test\u00fcleti \u00fcl\u00e9sre"},"content":{"rendered":"<p><a href=\"https:\/\/dunavarsany.hu\/index.php\/hirdetmeny-forintrade-kft-uzemletesites\/varosi-fejlec\/\" rel=\"attachment wp-att-6187\"><img loading=\"lazy\" decoding=\"async\" class=\"aligncenter size-full wp-image-6187\" src=\"https:\/\/dunavarsany.hu\/wp-content\/uploads\/2020\/09\/V\u00e1rosi-fejl\u00e9c.png\" alt=\"Polg\u00e1rmester\" width=\"881\" height=\"222\" srcset=\"https:\/\/dunavarsany.hu\/wp-content\/uploads\/2020\/09\/V\u00e1rosi-fejl\u00e9c.png 881w, https:\/\/dunavarsany.hu\/wp-content\/uploads\/2020\/09\/V\u00e1rosi-fejl\u00e9c-300x76.png 300w, https:\/\/dunavarsany.hu\/wp-content\/uploads\/2020\/09\/V\u00e1rosi-fejl\u00e9c-768x194.png 768w\" sizes=\"auto, (max-width: 881px) 100vw, 881px\" \/><\/a><\/p>\n<p>&nbsp;<\/p>\n<p class=\"p1\" style=\"text-align: center;\"><b>M E G H \u00cd V \u00d3<\/b><\/p>\n<p class=\"p1\" style=\"text-align: center;\">Tisztelettel megh\u00edvom <b>Dunavars\u00e1ny V\u00e1ros \u00d6nkorm\u00e1nyzata<\/b> <b>K\u00e9pvisel\u0151-test\u00fclet\u00e9nek<\/b><b><\/b><\/p>\n<p class=\"p1\" style=\"text-align: center;\"><span class=\"s1\"><b>2026. szeptember 8-\u00e1n \u2013 kedden \u2013 17<\/b><\/span><span class=\"s2\"><b><sup>00<\/sup><\/b><\/span><span class=\"s1\"><b> \u00f3rakor<\/b><\/span><\/p>\n<p class=\"p1\" style=\"text-align: center;\">tartand\u00f3 <b>rendes \u00fcl\u00e9s\u00e9re.<\/b><\/p>\n<p class=\"p4\"><span class=\"s3\"><b>Az \u00fcl\u00e9s helye<\/b><\/span>: V\u00e1rosh\u00e1za d\u00edszterme<\/p>\n<p class=\"p4\">Dunavars\u00e1ny, Kossuth L. u. 18.<\/p>\n<p class=\"p5\"><span class=\"s3\"><b>Tervezett napirendi pontok:<\/b><\/span><\/p>\n<ol>\n<li>Javaslat az \u00d6nkorm\u00e1nyzat 2026. \u00e9vi k\u00f6lts\u00e9gvet\u00e9s\u00e9r\u0151l sz\u00f3l\u00f3 1\/2026. (II. 11.) \u00f6nkorm\u00e1nyzati rendelet 3. sz\u00e1m\u00fa m\u00f3dos\u00edt\u00e1s\u00e1ra <a href=\"https:\/\/dunavarsany.hu\/wp-content\/uploads\/2026\/09\/1.-napirend.pdf\"><i>\/\u00cdr\u00e1sos anyag mell\u00e9kelve\/<\/i><\/a><i><\/i><\/li>\n<\/ol>\n<p class=\"p7\"><b><i>El\u0151terjeszt\u0151<\/i><\/b>: Polg\u00e1rmester<\/p>\n<p>2. Javaslat Dunavars\u00e1ny V\u00e1ros \u00d6nkorm\u00e1nyzat\u00e1nak I. f\u00e9l\u00e9ves gazd\u00e1lkod\u00e1s\u00e1r\u00f3l sz\u00f3l\u00f3 t\u00e1j\u00e9koztat\u00f3 elfogad\u00e1s\u00e1ra <a href=\"https:\/\/dunavarsany.hu\/wp-content\/uploads\/2026\/09\/2.-napirend.pdf\"><i>\/\u00cdr\u00e1sos anyag mell\u00e9kelve\/<\/i><\/a><i><\/i><\/p>\n<p class=\"p7\"><b><i>El\u0151terjeszt\u0151<\/i><\/b>: Polg\u00e1rmester<\/p>\n<p>3. Javaslat a lakoss\u00e1gi es\u0151v\u00edz-hasznos\u00edt\u00e1s t\u00e1mogat\u00e1s\u00e1r\u00f3l sz\u00f3l\u00f3 \u00f6nkorm\u00e1nyzati rendelet megalkot\u00e1s\u00e1ra <i>\/<a href=\"https:\/\/dunavarsany.hu\/wp-content\/uploads\/2026\/09\/3.-napirend.pdf\">\u00cdr\u00e1sos anyag mell\u00e9kelve\/<\/a><\/i><i><\/i><\/p>\n<p class=\"p7\"><b><i>El\u0151terjeszt\u0151<\/i><\/b>: Polg\u00e1rmester<\/p>\n<p>4. Javaslat a G\u00f6rd\u00fcl\u0151 Fejleszt\u00e9si Terv 2027-2036. \u00e9vi tervfejezeteinek v\u00e9lem\u00e9nyez\u00e9s\u00e9re <a href=\"https:\/\/dunavarsany.hu\/wp-content\/uploads\/2026\/09\/4.-napirend.pdf\"><i>\/\u00cdr\u00e1sos anyag mell\u00e9kelve\/<\/i><\/a><i><\/i><\/p>\n<p class=\"p7\"><b><i>El\u0151terjeszt\u0151<\/i><\/b>: Polg\u00e1rmester<\/p>\n<p>5. Javaslat a Dunavars\u00e1nyi V\u00e1rosgazd\u00e1lkod\u00e1si Kft. Fel\u00fcgyel\u0151 Bizotts\u00e1gi tagjainak megv\u00e1laszt\u00e1s\u00e1ra <a href=\"https:\/\/dunavarsany.hu\/wp-content\/uploads\/2026\/09\/5.-napirend.pdf\"><i>\/\u00cdr\u00e1sos anyag mell\u00e9kelve\/<\/i><\/a><i><\/i><\/p>\n<p class=\"p7\"><b><i>El\u0151terjeszt\u0151<\/i><\/b>: Polg\u00e1rmester<\/p>\n<p>6. Javaslat a Bajczer\u2019s Pro Animals Egyes\u00fclet t\u00e1mogat\u00e1s\u00e1ra <i>\/<a href=\"https:\/\/dunavarsany.hu\/wp-content\/uploads\/2026\/09\/6.-napirend.pdf\">\u00cdr\u00e1sos anyag mell\u00e9kelve\/<\/a><\/i><i><\/i><\/p>\n<p class=\"p7\"><b><i>El\u0151terjeszt\u0151<\/i><\/b>: Polg\u00e1rmester<\/p>\n<p class=\"p7\">7. Javaslat a Bursa Hungarica Fels\u0151oktat\u00e1si \u00d6nkorm\u00e1nyzati \u00d6szt\u00f6nd\u00edjrendszer 2027. \u00e9vi fordul\u00f3j\u00e1hoz t\u00f6rt\u00e9n\u0151 csatlakoz\u00e1sra \u00e9s p\u00e1ly\u00e1zat ki\u00edr\u00e1s\u00e1ra <a href=\"https:\/\/dunavarsany.hu\/wp-content\/uploads\/2026\/09\/7.-napirend.pdf\"><i>\/\u00cdr\u00e1sos anyag mell\u00e9kelve\/<\/i><\/a><i><\/i><\/p>\n<p class=\"p7\"><b><i>El\u0151terjeszt\u0151<\/i><\/b>: Polg\u00e1rmester<\/p>\n<p>8. Javaslat h\u00e1zi gyermekorvosi p\u00e1ly\u00e1zat elb\u00edr\u00e1l\u00e1s\u00e1ra <a href=\"https:\/\/dunavarsany.hu\/wp-content\/uploads\/2026\/09\/8.-napirend.pdf\"><i>\/\u00cdr\u00e1sos anyag mell\u00e9kelve\/<\/i><\/a><i><\/i><\/p>\n<p class=\"p7\"><b><i>El\u0151terjeszt\u0151<\/i><\/b>: Polg\u00e1rmester<\/p>\n<p>9. Javaslat az \u00f6nkorm\u00e1nyzat tulajdon\u00e1ban l\u00e9v\u0151 mez\u0151gazdas\u00e1gi f\u00f6ldek hasznos\u00edt\u00e1s\u00e1ra vonatkoz\u00f3 p\u00e1ly\u00e1zat eredm\u00e9ny\u00e9nek meg\u00e1llap\u00edt\u00e1s\u00e1ra <a href=\"https:\/\/dunavarsany.hu\/wp-content\/uploads\/2026\/09\/9.-napirend.pdf\"><i>\/\u00cdr\u00e1sos anyag mell\u00e9kelve\/<\/i><\/a><i><\/i><\/p>\n<p class=\"p7\"><b><i>El\u0151terjeszt\u0151<\/i><\/b>: Polg\u00e1rmester<\/p>\n<p>10. Javaslat konzorciumi meg\u00e1llapod\u00e1s j\u00f3v\u00e1hagy\u00e1s\u00e1ra <a href=\"https:\/\/dunavarsany.hu\/wp-content\/uploads\/2026\/09\/10.-napirend.pdf\"><i>\/\u00cdr\u00e1sos anyag mell\u00e9kelve\/<\/i><\/a><i><\/i><\/p>\n<p class=\"p7\"><b><i>El\u0151terjeszt\u0151<\/i><\/b>: Polg\u00e1rmester<\/p>\n<p class=\"p7\">11. Javaslat a \u201e<i>Dunavars\u00e1ny b\u00f6lcs\u0151de k\u00f6zm\u0171ell\u00e1t\u00e1sa<\/i>\u201d t\u00e1rgy\u00fa k\u00f6zbeszerz\u00e9si elj\u00e1r\u00e1sban megval\u00f3sult beruh\u00e1z\u00e1s igazs\u00e1g\u00fcgyi szak\u00e9rt\u0151i v\u00e9lem\u00e9nyez\u00e9se, igazs\u00e1g\u00fcgyi szak\u00e9rt\u0151i v\u00e9lem\u00e9ny k\u00e9sz\u00edt\u00e9se\u201d t\u00e1rgy\u00fa beszerz\u00e9si elj\u00e1r\u00e1s eredm\u00e9ny\u00e9nek meg\u00e1llap\u00edt\u00e1s\u00e1ra <a href=\"https:\/\/dunavarsany.hu\/wp-content\/uploads\/2026\/09\/11.-napirend.pdf\"><i>\/\u00cdr\u00e1sos anyag mell\u00e9kelve\/<\/i><\/a><i><\/i><\/p>\n<p class=\"p7\"><b><i>El\u0151terjeszt\u0151<\/i><\/b>: Polg\u00e1rmester<\/p>\n<p>12. Javaslat a Dunavars\u00e1nyi \u00c1rp\u00e1d Fejedelem \u00c1ltal\u00e1nos Iskola megl\u00e9v\u0151 salakos fut\u00f3k\u00f6re \u00e9s k\u00f6rnyezet\u00e9nek fel\u00faj\u00edt\u00e1s\u00e1ra <a href=\"https:\/\/dunavarsany.hu\/wp-content\/uploads\/2026\/09\/12.-napirend.pdf\"><i>\/\u00cdr\u00e1sos anyag mell\u00e9kelve\/<\/i><\/a><i><\/i><\/p>\n<p class=\"p7\"><b><i>El\u0151terjeszt\u0151<\/i><\/b>: Polg\u00e1rmester<\/p>\n<p>13. Javaslat telep\u00fcl\u00e9srendez\u00e9si szerz\u0151d\u00e9s m\u00f3dos\u00edt\u00e1s\u00e1ra <a href=\"https:\/\/dunavarsany.hu\/wp-content\/uploads\/2026\/09\/13.-napirend.pdf\"><i>\/\u00cdr\u00e1sos anyag mell\u00e9kelve\/<\/i><\/a><i><\/i><\/p>\n<p class=\"p7\"><b><i>El\u0151terjeszt\u0151<\/i><\/b>: Polg\u00e1rmester<\/p>\n<p>14. Javaslat a Dunavars\u00e1ny belter\u00fclet 3529 hrsz-\u00fa ingatlan tulajdoni viszonyainak rendez\u00e9s\u00e9re, tulajdonrendez\u00e9si szerz\u0151d\u00e9s megk\u00f6t\u00e9s\u00e9re <a href=\"https:\/\/dunavarsany.hu\/wp-content\/uploads\/2026\/09\/14.-napirend.pdf\"><i>\/\u00cdr\u00e1sos anyag mell\u00e9kelve\/<\/i><\/a><i><\/i><\/p>\n<p class=\"p7\"><b><i>El\u0151terjeszt\u0151<\/i><\/b>: Polg\u00e1rmester<\/p>\n<p class=\"p5\"><span class=\"s3\"><b>Z\u00e1rt \u00fcl\u00e9s<\/b><\/span><\/p>\n<p>15. Javaslat a fels\u0151fok\u00fa oktat\u00e1sban tanulm\u00e1nyokat folytat\u00f3 fiatalok anyagi t\u00e1mogat\u00e1s\u00e1r\u00f3l sz\u00f3l\u00f3 35\/2004. (XII. 01.) \u00f6nkorm\u00e1nyzati rendelet<i> <\/i>alapj\u00e1n ki\u00edrt p\u00e1ly\u00e1zat elb\u00edr\u00e1l\u00e1s\u00e1ra <i>\/\u00cdr\u00e1sos anyag mell\u00e9kelve\/<\/i><i><\/i><\/p>\n<p class=\"p7\"><b><i>El\u0151terjeszt\u0151<\/i><\/b>: Polg\u00e1rmester<\/p>\n<p class=\"p5\">Megjelen\u00e9s\u00e9re felt\u00e9tlen\u00fcl sz\u00e1m\u00edtok!<\/p>\n<p class=\"p5\">Esetleges t\u00e1volmarad\u00e1s\u00e1t, k\u00e9rem, sz\u00edveskedjen jelezni az 521-040-es vagy az 521-041-es telefonsz\u00e1mon.<\/p>\n<p class=\"p5\"><b>Dunavars\u00e1ny, 2026. szeptember 3.<\/b><\/p>\n<p class=\"p4\"><b> Tisztelettel:<\/b><\/p>\n<p class=\"p10\"><b> Keresztesi Bal\u00e1zs<\/b><\/p>\n<p class=\"p10\"><b> polg\u00e1rmester<\/b><\/p>\n","protected":false},"excerpt":{"rendered":"<div class=\"mh-excerpt\"><p>&nbsp; M E G H \u00cd V \u00d3 Tisztelettel megh\u00edvom Dunavars\u00e1ny V\u00e1ros \u00d6nkorm\u00e1nyzata K\u00e9pvisel\u0151-test\u00fclet\u00e9nek 2026. szeptember 8-\u00e1n \u2013 kedden \u2013 1700 \u00f3rakor tartand\u00f3 rendes \u00fcl\u00e9s\u00e9re. Az \u00fcl\u00e9s helye: V\u00e1rosh\u00e1za d\u00edszterme Dunavars\u00e1ny, Kossuth L. u. 18. <a class=\"mh-excerpt-more\" href=\"https:\/\/dunavarsany.hu\/index.php\/2026\/09\/04\/m-e-g-h-i-v-o-rendkivuli-kepviselo-testuleti-ulesre-2\/\" title=\"M E G H \u00cd V \u00d3 rendes k\u00e9pvisel\u0151-test\u00fcleti \u00fcl\u00e9sre\">[&#8230;]<\/a><\/p>\n<\/div>","protected":false},"author":3,"featured_media":13196,"comment_status":"closed","ping_status":"closed","sticky":false,"template":"","format":"standard","meta":{"footnotes":""},"categories":[8],"tags":[],"class_list":["post-16079","post","type-post","status-publish","format-standard","has-post-thumbnail","category-hirek"],"_links":{"self":[{"href":"https:\/\/dunavarsany.hu\/index.php\/wp-json\/wp\/v2\/posts\/16079","targetHints":{"allow":["GET"]}}],"collection":[{"href":"https:\/\/dunavarsany.hu\/index.php\/wp-json\/wp\/v2\/posts"}],"about":[{"href":"https:\/\/dunavarsany.hu\/index.php\/wp-json\/wp\/v2\/types\/post"}],"author":[{"embeddable":true,"href":"https:\/\/dunavarsany.hu\/index.php\/wp-json\/wp\/v2\/users\/3"}],"replies":[{"embeddable":true,"href":"https:\/\/dunavarsany.hu\/index.php\/wp-json\/wp\/v2\/comments?post=16079"}],"version-history":[{"count":4,"href":"https:\/\/dunavarsany.hu\/index.php\/wp-json\/wp\/v2\/posts\/16079\/revisions"}],"predecessor-version":[{"id":16102,"href":"https:\/\/dunavarsany.hu\/index.php\/wp-json\/wp\/v2\/posts\/16079\/revisions\/16102"}],"wp:featuredmedia":[{"embeddable":true,"href":"https:\/\/dunavarsany.hu\/index.php\/wp-json\/wp\/v2\/media\/13196"}],"wp:attachment":[{"href":"https:\/\/dunavarsany.hu\/index.php\/wp-json\/wp\/v2\/media?parent=16079"}],"wp:term":[{"taxonomy":"category","embeddable":true,"href":"https:\/\/dunavarsany.hu\/index.php\/wp-json\/wp\/v2\/categories?post=16079"},{"taxonomy":"post_tag","embeddable":true,"href":"https:\/\/dunavarsany.hu\/index.php\/wp-json\/wp\/v2\/tags?post=16079"}],"curies":[{"name":"wp","href":"https:\/\/api.w.org\/{rel}","templated":true}]}}