{"id":11646,"date":"2023-11-15T08:33:08","date_gmt":"2023-11-15T08:33:08","guid":{"rendered":"https:\/\/dunavarsany.hu\/?p=11646"},"modified":"2023-11-15T08:33:08","modified_gmt":"2023-11-15T08:33:08","slug":"tajekoztatas-tuzek-megelozese-erdekeben","status":"publish","type":"post","link":"https:\/\/dunavarsany.hu\/index.php\/2023\/11\/15\/tajekoztatas-tuzek-megelozese-erdekeben\/","title":{"rendered":"T\u00e1j\u00e9koztat\u00e1s t\u00fczek megel\u0151z\u00e9se \u00e9rdek\u00e9ben"},"content":{"rendered":"<p style=\"text-align: justify;\"><em><strong>Kezd\u0151dik a f\u0171t\u00e9si id\u0151szak!<\/strong><\/em><\/p>\n<p style=\"text-align: justify;\"><em><strong>A k\u00e9m\u00e9ny potenci\u00e1lis vesz\u00e9lyforr\u00e1s. <\/strong><\/em>A rendszeres ellen\u0151rz\u00e9ssel megel\u0151zhet\u0151k a lehets\u00e9ges vesz\u00e9lyhelyzetek, a k\u00e9m\u00e9nyt\u0171z \u00e9s a sz\u00e9nmonoxid-sziv\u00e1rg\u00e1s okozta m\u00e9rgez\u00e9s. Az \u00e9let- \u00e9s prevent\u00edv t\u0171zv\u00e9delem \u00e9rdek\u00e9ben a lakoss\u00e1g legfontosabb tennival\u00f3ja, hogy tegye lehet\u0151v\u00e9 az ingatlanba val\u00f3 bejut\u00e1st, a k\u00e9m\u00e9ny ellen\u0151rz\u00e9s\u00e9t a k\u00e9m\u00e9nysepr\u0151k sz\u00e1m\u00e1ra.<\/p>\n<p style=\"text-align: justify;\"><strong>A<\/strong><strong> k\u00e9m\u00e9nyek rendszeres tiszt\u00edttat\u00e1sa nagyon fontos, <\/strong>hiszen a lerak\u00f3dott korom begyulladhat, vagy elt\u00f6m\u00edtheti a f\u00fcstcsatorn\u00e1kat. A statisztik\u00e1k szerint sok esetben a kitakar\u00edtatlan k\u00e9m\u00e9nyek okozz\u00e1k a k\u00e9m\u00e9nyt\u00fczeket.<strong> Ne pr\u00f3b\u00e1ljuk h\u00e1zilag magunk, vagy szakember n\u00e9lk\u00fcl jav\u00edtani a k\u00e9m\u00e9nyt, g\u00e1zk\u00e9sz\u00fcl\u00e9ket,<\/strong> mert ahhoz speci\u00e1lis szersz\u00e1m, alkatr\u00e9sz, kell\u0151 szakismeret sz\u00fcks\u00e9ges.<\/p>\n<p style=\"text-align: justify;\">Az elektromos f\u0171t\u0151berendez\u00e9sek \u00fczemeltet\u00e9se nagy energia felv\u00e9tellel j\u00e1r, aki ilyenre v\u00e1lt annak \u00e9rdemes a lak\u00e1s villamos h\u00e1l\u00f3zat\u00e1t fel\u00fclvizsg\u00e1ltatni.<\/p>\n<p style=\"text-align: justify;\">A szil\u00e1rd t\u00fczel\u00e9s\u0171 k\u00e1lyh\u00e1k, kandall\u00f3k el\u00e9 helyezz\u00fcnk nem \u00e9ghet\u0151 anyag\u00fa t\u00e1lc\u00e1t \u00e9s ellen\u0151rizz\u00fck a f\u00fcstcs\u00f6vek r\u00f6gz\u00edtetts\u00e9g\u00e9t, a h\u0151sug\u00e1rz\u00f3k k\u00f6rnyezet\u00e9b\u0151l a gy\u00fal\u00e9kony \u00e9ghet\u0151 anyagokat t\u00e1vol\u00edtsuk el. Kisgyermeket \u00fczemel\u0151 k\u00e1lyh\u00e1val, h\u0151sug\u00e1rz\u00f3 f\u0171t\u0151testtel ne hagyjunk egyed\u00fcl a helyis\u00e9gben!<\/p>\n<p style=\"text-align: justify;\">Amennyiben a legutols\u00f3 f\u0171t\u00e9s \u00f3ta a lak\u00e1sban \u00e1talak\u00edt\u00e1s t\u00f6rt\u00e9nt (homlokzati szigetel\u00e9s, l\u00e9gt\u00e9rcs\u00f6kkent\u00e9ssel j\u00e1r\u00f3 helyis\u00e9g lev\u00e1laszt\u00e1s, ny\u00edl\u00e1sz\u00e1r\u00f3 csere, elsz\u00edv\u00f3 berendez\u00e9s \u00fczembe helyez\u00e9se) szakemberrel vizsg\u00e1ltassuk meg a biztons\u00e1gos szint\u0171 l\u00e9gcsere megl\u00e9t\u00e9t.<\/p>\n<p style=\"text-align: justify;\">A <strong>sz\u00e9nmonoxid (CO)<\/strong> \u00e9ghet\u0151 anyagok (pl. fa, g\u00e1z, stb.) t\u00f6k\u00e9letlen \u00e9g\u00e9se sor\u00e1n keletkezhet. Sz\u00edntelen, szagtalan, m\u00e9rgez\u0151, bel\u00e9gz\u00e9se sor\u00e1n a bel\u00e9legzett mennyis\u00e9gt\u0151l f\u00fcgg\u0151en k\u00fcl\u00f6nb\u00f6z\u0151 t\u00fcnetek jelentkezhetnek: enyhe fejf\u00e1j\u00e1s, \u00e9melyg\u00e9s, h\u00e1nyinger; l\u00fcktet\u0151 fejf\u00e1j\u00e1s, \u00e1lmoss\u00e1g, elmezavar, er\u0151s sz\u00edvver\u00e9s; eszm\u00e9letveszt\u00e9s, g\u00f6rcs, l\u00e9gszomj, hal\u00e1l.<em> <strong>A sz\u00e9nmonoxid \u00e9rz\u00e9kel\u0151<\/strong><\/em> <strong><em>elhelyez\u00e9s\u00e9nek nagy jelent\u0151s\u00e9ge van.<\/em><\/strong> Az \u00e9rz\u00e9kel\u0151t a padl\u00f3t\u00f3l, ajt\u00f3t\u00f3l, ablakt\u00f3l, CO forr\u00e1st\u00f3l legal\u00e1bb 1,5 m\u00e9terre kell szerelni. Ny\u00edlt \u00e9g\u00e9ster\u0171 kaz\u00e1njainknak \u201ekonkurenci\u00e1i\u201d lehetnek a k\u00fcl\u00f6nf\u00e9le g\u00e9pi szell\u0151z\u0151 berendez\u00e9sek. Ilyen szerkezetek a konyhai szagelsz\u00edv\u00f3k, a f\u00fcrd\u0151szobai p\u00e1raelsz\u00edv\u00f3k, a kandall\u00f3k, a kl\u00edmaberendez\u00e9sek, vagy ak\u00e1r a sz\u00e1r\u00edt\u00f3berendez\u00e9sek, hiszen ha a t\u00fczel\u0151-f\u0171t\u0151berendez\u00e9s\u00fcnk a helyis\u00e9gb\u0151l nem jut leveg\u0151h\u00f6z \u00e9s az ablak sincs nyitva, ill. nincs rajta szell\u0151z\u0151 ny\u00edl\u00e1s, akkor a k\u00e9m\u00e9ny lesz a l\u00e9gut\u00e1np\u00f3tl\u00e1s egyetlen forr\u00e1sa \u00e9s az \u00e9g\u00e9sterm\u00e9k a lak\u00e1sba vissza\u00e1ramlik.<\/p>\n<p style=\"text-align: justify;\"><strong><em>\u00d6sszefoglalva, az \u00e9let \u00e9s vagyonbiztons\u00e1gunk meg\u0151rz\u00e9s\u00e9nek \u00e9rdek\u00e9ben rendszeresen ellen\u0151riztetni kell szakemberrel a lak\u00e1sban l\u00e9v\u0151 t\u00fczel\u0151- \u00e9s f\u0171t\u0151berendez\u00e9seket, k\u00e9m\u00e9nyeket, \u00e9g\u00e9sterm\u00e9k elvezet\u0151ket! Rendszeresen szell\u0151ztetni kell a lak\u00e1st, illetve szell\u0151ztet\u0151 ny\u00edl\u00e1sokat kell ki\u00e9p\u00edteni sz\u00fcks\u00e9g eset\u00e9n, az \u00e9g\u00e9shez sz\u00fcks\u00e9ges oxig\u00e9n be\u00e1raml\u00e1s biztos\u00edt\u00e1s\u00e1ra!<\/em><\/strong><\/p>\n<p style=\"text-align: justify;\">\n<p style=\"text-align: center;\">C\u00edm: 2030 \u00c9rd, Feh\u00e9rv\u00e1ri \u00fat 79\/A.<\/p>\n<p style=\"text-align: center;\">Telefon: 06-23-524-570<\/p>\n<p style=\"text-align: center;\">E-mail: <a href=\"mailto:erd.kk@katved.gov\">erd.kk@katved.gov<\/a>.hu<\/p>\n","protected":false},"excerpt":{"rendered":"<div class=\"mh-excerpt\"><p>Kezd\u0151dik a f\u0171t\u00e9si id\u0151szak! A k\u00e9m\u00e9ny potenci\u00e1lis vesz\u00e9lyforr\u00e1s. A rendszeres ellen\u0151rz\u00e9ssel megel\u0151zhet\u0151k a lehets\u00e9ges vesz\u00e9lyhelyzetek, a k\u00e9m\u00e9nyt\u0171z \u00e9s a sz\u00e9nmonoxid-sziv\u00e1rg\u00e1s okozta m\u00e9rgez\u00e9s. Az \u00e9let- \u00e9s prevent\u00edv t\u0171zv\u00e9delem \u00e9rdek\u00e9ben a lakoss\u00e1g legfontosabb tennival\u00f3ja, hogy tegye lehet\u0151v\u00e9 <a class=\"mh-excerpt-more\" href=\"https:\/\/dunavarsany.hu\/index.php\/2023\/11\/15\/tajekoztatas-tuzek-megelozese-erdekeben\/\" title=\"T\u00e1j\u00e9koztat\u00e1s t\u00fczek megel\u0151z\u00e9se \u00e9rdek\u00e9ben\">[&#8230;]<\/a><\/p>\n<\/div>","protected":false},"author":3,"featured_media":8189,"comment_status":"closed","ping_status":"closed","sticky":false,"template":"","format":"standard","meta":{"footnotes":""},"categories":[8],"tags":[],"class_list":{"0":"post-11646","1":"post","2":"type-post","3":"status-publish","4":"format-standard","5":"has-post-thumbnail","7":"category-hirek"},"_links":{"self":[{"href":"https:\/\/dunavarsany.hu\/index.php\/wp-json\/wp\/v2\/posts\/11646","targetHints":{"allow":["GET"]}}],"collection":[{"href":"https:\/\/dunavarsany.hu\/index.php\/wp-json\/wp\/v2\/posts"}],"about":[{"href":"https:\/\/dunavarsany.hu\/index.php\/wp-json\/wp\/v2\/types\/post"}],"author":[{"embeddable":true,"href":"https:\/\/dunavarsany.hu\/index.php\/wp-json\/wp\/v2\/users\/3"}],"replies":[{"embeddable":true,"href":"https:\/\/dunavarsany.hu\/index.php\/wp-json\/wp\/v2\/comments?post=11646"}],"version-history":[{"count":1,"href":"https:\/\/dunavarsany.hu\/index.php\/wp-json\/wp\/v2\/posts\/11646\/revisions"}],"predecessor-version":[{"id":11647,"href":"https:\/\/dunavarsany.hu\/index.php\/wp-json\/wp\/v2\/posts\/11646\/revisions\/11647"}],"wp:featuredmedia":[{"embeddable":true,"href":"https:\/\/dunavarsany.hu\/index.php\/wp-json\/wp\/v2\/media\/8189"}],"wp:attachment":[{"href":"https:\/\/dunavarsany.hu\/index.php\/wp-json\/wp\/v2\/media?parent=11646"}],"wp:term":[{"taxonomy":"category","embeddable":true,"href":"https:\/\/dunavarsany.hu\/index.php\/wp-json\/wp\/v2\/categories?post=11646"},{"taxonomy":"post_tag","embeddable":true,"href":"https:\/\/dunavarsany.hu\/index.php\/wp-json\/wp\/v2\/tags?post=11646"}],"curies":[{"name":"wp","href":"https:\/\/api.w.org\/{rel}","templated":true}]}}